{"id":1093,"date":"2022-05-28T07:52:49","date_gmt":"2022-05-28T07:52:49","guid":{"rendered":"https:\/\/santosapostoles.es\/?p=1093"},"modified":"2022-05-28T07:52:49","modified_gmt":"2022-05-28T07:52:49","slug":"pentecostes-5-junio-fiesta-patronal","status":"publish","type":"post","link":"https:\/\/santosapostoles.es\/?p=1093","title":{"rendered":"PENTECOST\u00c9S: 5 JUNIO, FIESTA PATRONAL"},"content":{"rendered":"\n<p><em>Despu\u00e9s de los tiempos de la pandemia que nos impidieron celebrar la fiesta patronal de la parroquia, llega la celebraci\u00f3n de Pentecost\u00e9s de este 2022.<\/em><\/p>\n\n\n\n<p><em>Este a\u00f1o queremos volver a celebrar festivamente a nuestros santos Ap\u00f3stoles junto a Mar\u00eda. Y queremos que sea una celebraci\u00f3n con sabor popular apostando por el protagonismo de los m\u00e1s peque\u00f1os, los ni\u00f1os de la catequesis, con sus familias.<\/em><\/p>\n\n\n\n<p><em>Tenemos una agradable novedad: hemos recibido el regalo de una imagen de la Virgen Mar\u00eda, Reina de los Ap\u00f3stoles. Es una notable talla en madera policromada de gran calidad de la Virgen Mar\u00eda con el ni\u00f1o Jes\u00fas en brazos que, a su vez, porta entre las manos la paloma del Esp\u00edritu Santo que descendi\u00f3 sobre Mar\u00eda y los Ap\u00f3stoles en Pentecost\u00e9s.<\/em><\/p>\n\n\n\n<p><em>&nbsp;Con este motivo, despu\u00e9s de la misa solemne tendr\u00e1 lugar una procesi\u00f3n con esta imagen acompa\u00f1ada de estandartes con los santos Ap\u00f3stoles, acompa\u00f1ada por la m\u00fasica de gaita, &nbsp;y que llevar\u00e1n las madres y los ni\u00f1os que acaban de hacer la 1\u00aa Comuni\u00f3n.<\/em><\/p>\n\n\n\n<p><em>Este a\u00f1o no se har\u00e1 la distribuci\u00f3n de botella de vino y bollo, pero s\u00ed habr\u00e1 \u201cRamu\u201d y su puja, adem\u00e1s de m\u00fasica y brindis.<\/em><\/p>\n\n\n\n<p><em>La v\u00edspera, s\u00e1bado, daremos la preferencia a los mayores. En la misa de la tarde podr\u00e1n recibir el sacramento de la Unci\u00f3n los mayores de 75 a\u00f1os. Y despu\u00e9s de la misa disfrutaremos de un concierto a cargo de la coral DAFNE.<\/em><\/p>\n\n\n<div class=\"wp-block-image\">\n<figure class=\"aligncenter size-large\"><img loading=\"lazy\" decoding=\"async\" width=\"504\" height=\"1024\" src=\"https:\/\/santosapostoles.es\/wp-content\/uploads\/2022\/05\/cartel-22b-copia-504x1024.jpg\" alt=\"\" class=\"wp-image-1094\" srcset=\"https:\/\/santosapostoles.es\/wp-content\/uploads\/2022\/05\/cartel-22b-copia-504x1024.jpg 504w, https:\/\/santosapostoles.es\/wp-content\/uploads\/2022\/05\/cartel-22b-copia-148x300.jpg 148w, https:\/\/santosapostoles.es\/wp-content\/uploads\/2022\/05\/cartel-22b-copia-768x1559.jpg 768w, https:\/\/santosapostoles.es\/wp-content\/uploads\/2022\/05\/cartel-22b-copia-757x1536.jpg 757w, https:\/\/santosapostoles.es\/wp-content\/uploads\/2022\/05\/cartel-22b-copia-1009x2048.jpg 1009w, https:\/\/santosapostoles.es\/wp-content\/uploads\/2022\/05\/cartel-22b-copia-scaled.jpg 1261w\" sizes=\"auto, (max-width: 504px) 100vw, 504px\" \/><\/figure>\n<\/div>\n\n\n<p><\/p>\n","protected":false},"excerpt":{"rendered":"<p>Despu\u00e9s de los tiempos de la pandemia que nos impidieron celebrar la fiesta patronal de la parroquia, llega la celebraci\u00f3n de Pentecost\u00e9s de este 2022. Este a\u00f1o queremos volver a celebrar festivamente a nuestros santos Ap\u00f3stoles junto a Mar\u00eda. Y queremos que sea una celebraci\u00f3n con sabor popular apostando por el protagonismo de los m\u00e1s &hellip; <a href=\"https:\/\/santosapostoles.es\/?p=1093\" class=\"more-link\">Seguir leyendo <span class=\"screen-reader-text\">PENTECOST\u00c9S: 5 JUNIO, FIESTA PATRONAL<\/span> <span class=\"meta-nav\">&rarr;<\/span><\/a><\/p>\n","protected":false},"author":1,"featured_media":0,"comment_status":"closed","ping_status":"","sticky":false,"template":"","format":"standard","meta":{"footnotes":""},"categories":[1],"tags":[],"class_list":["post-1093","post","type-post","status-publish","format-standard","hentry","category-uncategorized"],"_links":{"self":[{"href":"https:\/\/santosapostoles.es\/index.php?rest_route=\/wp\/v2\/posts\/1093","targetHints":{"allow":["GET"]}}],"collection":[{"href":"https:\/\/santosapostoles.es\/index.php?rest_route=\/wp\/v2\/posts"}],"about":[{"href":"https:\/\/santosapostoles.es\/index.php?rest_route=\/wp\/v2\/types\/post"}],"author":[{"embeddable":true,"href":"https:\/\/santosapostoles.es\/index.php?rest_route=\/wp\/v2\/users\/1"}],"replies":[{"embeddable":true,"href":"https:\/\/santosapostoles.es\/index.php?rest_route=%2Fwp%2Fv2%2Fcomments&post=1093"}],"version-history":[{"count":1,"href":"https:\/\/santosapostoles.es\/index.php?rest_route=\/wp\/v2\/posts\/1093\/revisions"}],"predecessor-version":[{"id":1095,"href":"https:\/\/santosapostoles.es\/index.php?rest_route=\/wp\/v2\/posts\/1093\/revisions\/1095"}],"wp:attachment":[{"href":"https:\/\/santosapostoles.es\/index.php?rest_route=%2Fwp%2Fv2%2Fmedia&parent=1093"}],"wp:term":[{"taxonomy":"category","embeddable":true,"href":"https:\/\/santosapostoles.es\/index.php?rest_route=%2Fwp%2Fv2%2Fcategories&post=1093"},{"taxonomy":"post_tag","embeddable":true,"href":"https:\/\/santosapostoles.es\/index.php?rest_route=%2Fwp%2Fv2%2Ftags&post=1093"}],"curies":[{"name":"wp","href":"https:\/\/api.w.org\/{rel}","templated":true}]}}