{"id":1102,"date":"2022-08-30T09:37:59","date_gmt":"2022-08-30T09:37:59","guid":{"rendered":"https:\/\/santosapostoles.es\/?p=1102"},"modified":"2022-08-30T09:37:59","modified_gmt":"2022-08-30T09:37:59","slug":"catequesis-2022-23","status":"publish","type":"post","link":"https:\/\/santosapostoles.es\/?p=1102","title":{"rendered":"CATEQUESIS 2022-23"},"content":{"rendered":"\n<p class=\"has-text-align-center\">Ya se abre el periodo de inscripci\u00f3n de los ni\u00f1os a esta experiencia, primera en Asturias, de un catecismo desde la espiritualidad del ORATORIO DE NI\u00d1OS PEQUE\u00d1OS. Hace 5 a\u00f1os que iniciamos este nuevo camino inspirado por San Jos\u00e9 de Calasanz. No usamos libros ni l\u00e1pices. Los ni\u00f1os vienen  al Oratorio no a aprender cosas de Jes\u00fas sino a encontrarse con \u00c9l. La experiencia del encuentro con el Se\u00f1or Resucitado, que est\u00e1 vivo y presente en medio de nosotros, hace que los ni\u00f1os aprendan interiorizando de forma natural.  <\/p>\n\n\n<div class=\"wp-block-image\">\n<figure class=\"aligncenter size-large\"><img loading=\"lazy\" decoding=\"async\" width=\"293\" height=\"1024\" src=\"https:\/\/santosapostoles.es\/wp-content\/uploads\/2022\/08\/cartel-puerta-inscri-22-23--293x1024.gif\" alt=\"\" class=\"wp-image-1103\" srcset=\"https:\/\/santosapostoles.es\/wp-content\/uploads\/2022\/08\/cartel-puerta-inscri-22-23--293x1024.gif 293w, https:\/\/santosapostoles.es\/wp-content\/uploads\/2022\/08\/cartel-puerta-inscri-22-23--86x300.gif 86w, https:\/\/santosapostoles.es\/wp-content\/uploads\/2022\/08\/cartel-puerta-inscri-22-23--439x1536.gif 439w\" sizes=\"auto, (max-width: 293px) 100vw, 293px\" \/><\/figure>\n<\/div>","protected":false},"excerpt":{"rendered":"<p>Ya se abre el periodo de inscripci\u00f3n de los ni\u00f1os a esta experiencia, primera en Asturias, de un catecismo desde la espiritualidad del ORATORIO DE NI\u00d1OS PEQUE\u00d1OS. Hace 5 a\u00f1os que iniciamos este nuevo camino inspirado por San Jos\u00e9 de Calasanz. No usamos libros ni l\u00e1pices. Los ni\u00f1os vienen al Oratorio no a aprender cosas &hellip; <a href=\"https:\/\/santosapostoles.es\/?p=1102\" class=\"more-link\">Seguir leyendo <span class=\"screen-reader-text\">CATEQUESIS 2022-23<\/span> <span class=\"meta-nav\">&rarr;<\/span><\/a><\/p>\n","protected":false},"author":1,"featured_media":0,"comment_status":"closed","ping_status":"","sticky":false,"template":"","format":"standard","meta":{"footnotes":""},"categories":[1],"tags":[],"class_list":["post-1102","post","type-post","status-publish","format-standard","hentry","category-uncategorized"],"_links":{"self":[{"href":"https:\/\/santosapostoles.es\/index.php?rest_route=\/wp\/v2\/posts\/1102","targetHints":{"allow":["GET"]}}],"collection":[{"href":"https:\/\/santosapostoles.es\/index.php?rest_route=\/wp\/v2\/posts"}],"about":[{"href":"https:\/\/santosapostoles.es\/index.php?rest_route=\/wp\/v2\/types\/post"}],"author":[{"embeddable":true,"href":"https:\/\/santosapostoles.es\/index.php?rest_route=\/wp\/v2\/users\/1"}],"replies":[{"embeddable":true,"href":"https:\/\/santosapostoles.es\/index.php?rest_route=%2Fwp%2Fv2%2Fcomments&post=1102"}],"version-history":[{"count":1,"href":"https:\/\/santosapostoles.es\/index.php?rest_route=\/wp\/v2\/posts\/1102\/revisions"}],"predecessor-version":[{"id":1104,"href":"https:\/\/santosapostoles.es\/index.php?rest_route=\/wp\/v2\/posts\/1102\/revisions\/1104"}],"wp:attachment":[{"href":"https:\/\/santosapostoles.es\/index.php?rest_route=%2Fwp%2Fv2%2Fmedia&parent=1102"}],"wp:term":[{"taxonomy":"category","embeddable":true,"href":"https:\/\/santosapostoles.es\/index.php?rest_route=%2Fwp%2Fv2%2Fcategories&post=1102"},{"taxonomy":"post_tag","embeddable":true,"href":"https:\/\/santosapostoles.es\/index.php?rest_route=%2Fwp%2Fv2%2Ftags&post=1102"}],"curies":[{"name":"wp","href":"https:\/\/api.w.org\/{rel}","templated":true}]}}