{"id":992,"date":"2021-03-19T08:24:45","date_gmt":"2021-03-19T08:24:45","guid":{"rendered":"http:\/\/santosapostoles.es\/?p=992"},"modified":"2021-03-24T21:46:21","modified_gmt":"2021-03-24T21:46:21","slug":"pildoras-cuaresmales","status":"publish","type":"post","link":"https:\/\/santosapostoles.es\/?p=992","title":{"rendered":"P\u00cdLDORAS CUARESMALES"},"content":{"rendered":"\n<p>En estos tiempos de pandemia que las restricciones impiden reunirnos en actos comunes para el Arciprestazgo de Oviedo, ofrecemos estos comentarios de algunos p\u00e1rrocos de esta ciudad como signo de comuni\u00f3n y ayuda para la Cuaresma desde la perspectiva de la Carta Apost\u00f3lica que el Papa Francisco ha escrito con motivo del a\u00f1o santo de san Jos\u00e9 (8 dic20-8 dic21).<\/p>\n\n\n\n<p><a rel=\"noreferrer noopener\" href=\"https:\/\/youtu.be\/aTJo3SXdz_8\" data-type=\"URL\" data-id=\"https:\/\/youtu.be\/aTJo3SXdz_8\" target=\"_blank\">1.- MARCELINO GARAY,  p\u00e1rroco s. Antonio de Padua y s. Melchor<\/a><\/p>\n\n\n\n<p><a rel=\"noreferrer noopener\" href=\"https:\/\/youtu.be\/mlkdZAgCWOc\" data-type=\"URL\" data-id=\"https:\/\/youtu.be\/mlkdZAgCWOc\" target=\"_blank\">2.- JOS\u00c9 LUIS PASCUAL, p\u00e1rroco de Los santos Ap\u00f3stoles<\/a><\/p>\n\n\n\n<p>3.- <a href=\"https:\/\/youtu.be\/VDA72mxVSWE\" data-type=\"URL\" data-id=\"https:\/\/youtu.be\/VDA72mxVSWE\">D. Jes\u00fas Francisco Rodr\u00edguez De La Vega, P\u00e1rroco de san Juli\u00e1n de los Prados<\/a><\/p>\n\n\n\n<p>4.-  <a href=\"https:\/\/youtu.be\/yjNx28jJeFA\" data-type=\"URL\" data-id=\"https:\/\/youtu.be\/yjNx28jJeFA\">D. Roberto Guti\u00e9rrez, OCD, P\u00e1rroco de Nuestra Se\u00f1ora del Carmen<\/a><\/p>\n\n\n\n<p>5.- <a href=\"https:\/\/youtu.be\/sYMegy388b4\" data-type=\"URL\" data-id=\"https:\/\/youtu.be\/sYMegy388b4\"> D. Miguel \u00c1ngel Ni\u00f1o, CMF, P\u00e1rroco del Coraz\u00f3n de Mar\u00eda<\/a><\/p>\n\n\n\n<p>6.-  <a href=\"https:\/\/youtu.be\/CUXjU4uiKag\" data-type=\"URL\" data-id=\"https:\/\/youtu.be\/CUXjU4uiKag\">D. Jos\u00e9 Antonio Rodr\u00edguez Guti\u00e9rrez, OP, P\u00e1rroco de santo Domingo<\/a><\/p>\n\n\n\n<p>7.-  <a href=\"https:\/\/youtu.be\/iQSX9UKvp7o\" data-type=\"URL\" data-id=\"https:\/\/youtu.be\/iQSX9UKvp7o\">D. Alberto Reigada Campoamor, P\u00e1rroco de san Francisco Javier<\/a><\/p>\n\n\n\n<p>8.-  D. Jos\u00e9 Julio Velasco Bola\u00f1o, Vicario Episcopal de Oviedo-Centro.<\/p>\n","protected":false},"excerpt":{"rendered":"<p>En estos tiempos de pandemia que las restricciones impiden reunirnos en actos comunes para el Arciprestazgo de Oviedo, ofrecemos estos comentarios de algunos p\u00e1rrocos de esta ciudad como signo de comuni\u00f3n y ayuda para la Cuaresma desde la perspectiva de la Carta Apost\u00f3lica que el Papa Francisco ha escrito con motivo del a\u00f1o santo de &hellip; <a href=\"https:\/\/santosapostoles.es\/?p=992\" class=\"more-link\">Seguir leyendo <span class=\"screen-reader-text\">P\u00cdLDORAS CUARESMALES<\/span> <span class=\"meta-nav\">&rarr;<\/span><\/a><\/p>\n","protected":false},"author":1,"featured_media":0,"comment_status":"closed","ping_status":"open","sticky":false,"template":"","format":"standard","meta":{"footnotes":""},"categories":[1],"tags":[],"class_list":["post-992","post","type-post","status-publish","format-standard","hentry","category-uncategorized"],"_links":{"self":[{"href":"https:\/\/santosapostoles.es\/index.php?rest_route=\/wp\/v2\/posts\/992","targetHints":{"allow":["GET"]}}],"collection":[{"href":"https:\/\/santosapostoles.es\/index.php?rest_route=\/wp\/v2\/posts"}],"about":[{"href":"https:\/\/santosapostoles.es\/index.php?rest_route=\/wp\/v2\/types\/post"}],"author":[{"embeddable":true,"href":"https:\/\/santosapostoles.es\/index.php?rest_route=\/wp\/v2\/users\/1"}],"replies":[{"embeddable":true,"href":"https:\/\/santosapostoles.es\/index.php?rest_route=%2Fwp%2Fv2%2Fcomments&post=992"}],"version-history":[{"count":4,"href":"https:\/\/santosapostoles.es\/index.php?rest_route=\/wp\/v2\/posts\/992\/revisions"}],"predecessor-version":[{"id":1004,"href":"https:\/\/santosapostoles.es\/index.php?rest_route=\/wp\/v2\/posts\/992\/revisions\/1004"}],"wp:attachment":[{"href":"https:\/\/santosapostoles.es\/index.php?rest_route=%2Fwp%2Fv2%2Fmedia&parent=992"}],"wp:term":[{"taxonomy":"category","embeddable":true,"href":"https:\/\/santosapostoles.es\/index.php?rest_route=%2Fwp%2Fv2%2Fcategories&post=992"},{"taxonomy":"post_tag","embeddable":true,"href":"https:\/\/santosapostoles.es\/index.php?rest_route=%2Fwp%2Fv2%2Ftags&post=992"}],"curies":[{"name":"wp","href":"https:\/\/api.w.org\/{rel}","templated":true}]}}